{"id":175,"date":"2019-11-28T20:28:02","date_gmt":"2019-11-28T20:28:02","guid":{"rendered":"http:\/\/tempusfugit.mx\/blogniebla\/?p=175"},"modified":"2019-11-28T21:45:17","modified_gmt":"2019-11-28T21:45:17","slug":"que-hacemos-en-niebla-morada","status":"publish","type":"post","link":"https:\/\/tempusfugit.mx\/blogniebla\/2019\/11\/28\/que-hacemos-en-niebla-morada\/","title":{"rendered":"Que hacemos en Niebla Morada"},"content":{"rendered":"<h2><img decoding=\"async\" loading=\"lazy\" class=\"alignnone size-full wp-image-178\" src=\"https:\/\/tempusfugit.mx\/blogniebla\/wp-content\/uploads\/2019\/11\/N-NieblaMorada.png\" alt=\"\" width=\"174\" height=\"175\" srcset=\"https:\/\/tempusfugit.mx\/blogniebla\/wp-content\/uploads\/2019\/11\/N-NieblaMorada.png 174w, https:\/\/tempusfugit.mx\/blogniebla\/wp-content\/uploads\/2019\/11\/N-NieblaMorada-150x150.png 150w\" sizes=\"(max-width: 174px) 100vw, 174px\" \/><\/h2>\n<h2><strong>Dise\u00f1o y Creatividad Visual<\/strong><\/h2>\n<p>Somos un equipo interdisciplinario de dise\u00f1o integral. Desarrollamos proyectos que requieren creatividad en los siguientes enfoques<\/p>\n<p><strong>Dise\u00f1o Gr\u00e1fico :<\/strong><\/p>\n<ul>\n<li>Dise\u00f1o Editorial<\/li>\n<li>Identidad Corporativa<\/li>\n<li>Presentaciones<\/li>\n<li>Dise\u00f1o de Empaques<\/li>\n<li>Se\u00f1al\u00e9tica<\/li>\n<li>Gr\u00e1ficos Publicitario<\/li>\n<\/ul>\n<p><strong>Dise\u00f1o de Espacios y Objetos:<\/strong><\/p>\n<ul>\n<li>Dise\u00f1o industrial<\/li>\n<li>Ambientaci\u00f3n e Interiorismo<\/li>\n<li>Arquitectura Para Mercadeo<\/li>\n<\/ul>\n<p><strong>Identidad Global y Branding<\/strong><\/p>\n<p><a href=\"https:\/\/tempusfugit.mx\/blogniebla\/articulos-sobre-creatividad-y-diseno\/nuestro-enfoque-del-diseno-y-la-creatividad\/\">Ent\u00e9rate de nuestro enfoque profesional AQU\u00cd<\/a><\/p>\n","protected":false},"excerpt":{"rendered":"<p>Dise\u00f1o y Creatividad Visual Somos un equipo interdisciplinario de dise\u00f1o integral. Desarrollamos proyectos que requieren creatividad en los siguientes enfoques Dise\u00f1o Gr\u00e1fico : Dise\u00f1o Editorial Identidad Corporativa Presentaciones Dise\u00f1o de Empaques Se\u00f1al\u00e9tica Gr\u00e1ficos Publicitario Dise\u00f1o de Espacios y Objetos: Dise\u00f1o industrial Ambientaci\u00f3n e Interiorismo Arquitectura Para Mercadeo Identidad Global y Branding Ent\u00e9rate de nuestro enfoque [&hellip;]<\/p>\n","protected":false},"author":1,"featured_media":0,"comment_status":"open","ping_status":"open","sticky":false,"template":"","format":"standard","meta":[],"categories":[5],"tags":[],"_links":{"self":[{"href":"https:\/\/tempusfugit.mx\/blogniebla\/wp-json\/wp\/v2\/posts\/175"}],"collection":[{"href":"https:\/\/tempusfugit.mx\/blogniebla\/wp-json\/wp\/v2\/posts"}],"about":[{"href":"https:\/\/tempusfugit.mx\/blogniebla\/wp-json\/wp\/v2\/types\/post"}],"author":[{"embeddable":true,"href":"https:\/\/tempusfugit.mx\/blogniebla\/wp-json\/wp\/v2\/users\/1"}],"replies":[{"embeddable":true,"href":"https:\/\/tempusfugit.mx\/blogniebla\/wp-json\/wp\/v2\/comments?post=175"}],"version-history":[{"count":3,"href":"https:\/\/tempusfugit.mx\/blogniebla\/wp-json\/wp\/v2\/posts\/175\/revisions"}],"predecessor-version":[{"id":196,"href":"https:\/\/tempusfugit.mx\/blogniebla\/wp-json\/wp\/v2\/posts\/175\/revisions\/196"}],"wp:attachment":[{"href":"https:\/\/tempusfugit.mx\/blogniebla\/wp-json\/wp\/v2\/media?parent=175"}],"wp:term":[{"taxonomy":"category","embeddable":true,"href":"https:\/\/tempusfugit.mx\/blogniebla\/wp-json\/wp\/v2\/categories?post=175"},{"taxonomy":"post_tag","embeddable":true,"href":"https:\/\/tempusfugit.mx\/blogniebla\/wp-json\/wp\/v2\/tags?post=175"}],"curies":[{"name":"wp","href":"https:\/\/api.w.org\/{rel}","templated":true}]}}